{"id":348,"date":"2010-01-03T11:22:53","date_gmt":"2010-01-03T11:22:53","guid":{"rendered":"http:\/\/montehorizonte.com\/PT\/?p=348"},"modified":"2021-08-22T18:37:53","modified_gmt":"2021-08-22T17:37:53","slug":"praia-de-melides","status":"publish","type":"post","link":"https:\/\/montehorizonte.com\/PT\/praia-de-melides\/","title":{"rendered":"Praia de Melides"},"content":{"rendered":"<div class=\"description\">\n<div class=\"description\">\n<div class=\"description\"><span style=\"font-size: 12pt;\"><span style=\"font-family: verdana,geneva,sans-serif;\">PRAIA DE MELIDES fica junto a um ambiente natural. <\/span><\/span><\/div>\n<div class=\"description\"><\/div>\n<div class=\"description\"><span style=\"font-family: verdana,geneva,sans-serif;\">O ambiente natural da praia \u00e9 constitu\u00eddo principalmente por dunas. A areia \u00e9 muito fina e tem um tom claro.<\/span><\/div>\n<div class=\"description\"><span style=\"font-family: verdana,geneva,sans-serif;\">\u00a0<\/span><\/div>\n<div class=\"description\"><span style=\"font-family: verdana,geneva,sans-serif;\">A praia est\u00e1 limpa. A \u00e1gua do mar tem um bonito tom azul claro e \u00e9 muito l\u00edmpida.\u00a0<\/span><\/div>\n<div class=\"description\"><span style=\"font-family: verdana,geneva,sans-serif;\">\u00a0<\/span><\/div>\n<div class=\"description\"><span style=\"font-family: verdana,geneva,sans-serif;\">PRAIA DE MELIDES \u00e9 uma praia cont\u00ednua e tamb\u00e9m relativamente larga. A superf\u00edcie da praia \u00e9 relativamente plana. Pode-se comer e beber perto da praia.<\/span><\/div>\n<div class=\"description\"><span style=\"font-family: verdana,geneva,sans-serif;\">\u00a0<\/span><\/div>\n<div class=\"description\"><span style=\"font-family: verdana,geneva,sans-serif;\">A praia \u00e9 bem acess\u00edvel. \u00c9 poss\u00edvel parquear o carro junto da praia.<\/span><\/div>\n<div class=\"description\"><\/div>\n<\/div>\n<\/div>\n<p style=\"text-align: center;\"><iframe loading=\"lazy\" title=\"YouTube video player\" src=\"http:\/\/www.youtube.com\/embed\/cFn8lbqvROQ\" width=\"480\" height=\"390\" frameborder=\"0\" allowfullscreen=\"allowfullscreen\"><\/iframe><\/p>\n<div class=\"description\" style=\"text-align: center;\"><span style=\"font-family: verdana,geneva,sans-serif;\"><img loading=\"lazy\" decoding=\"async\" src=\"http:\/\/montehorizonte.com\/images\/Praia de Melides.jpg\" alt=\"Praia de Melides\" width=\"600\" height=\"442\" align=\"middle\" \/><\/span><\/div>\n","protected":false},"excerpt":{"rendered":"<p>PRAIA DE MELIDES fica junto a um ambiente natural. O ambiente natural da praia \u00e9 constitu\u00eddo principalmente por dunas. A areia \u00e9 muito fina e tem um tom claro. \u00a0 A praia est\u00e1 limpa. A \u00e1gua do mar tem um bonito tom azul claro e \u00e9 muito l\u00edmpida.\u00a0 \u00a0 PRAIA DE MELIDES \u00e9 uma praia&hellip;<\/p>\n","protected":false},"author":1,"featured_media":0,"comment_status":"closed","ping_status":"closed","sticky":false,"template":"","format":"standard","meta":{"_monsterinsights_skip_tracking":false,"_monsterinsights_sitenote_active":false,"_monsterinsights_sitenote_note":"","_monsterinsights_sitenote_category":0,"footnotes":""},"categories":[14],"tags":[18,10],"class_list":["post-348","post","type-post","status-publish","format-standard","hentry","category-praias","tag-melides","tag-praia"],"aioseo_notices":[],"_links":{"self":[{"href":"https:\/\/montehorizonte.com\/PT\/wp-json\/wp\/v2\/posts\/348","targetHints":{"allow":["GET"]}}],"collection":[{"href":"https:\/\/montehorizonte.com\/PT\/wp-json\/wp\/v2\/posts"}],"about":[{"href":"https:\/\/montehorizonte.com\/PT\/wp-json\/wp\/v2\/types\/post"}],"author":[{"embeddable":true,"href":"https:\/\/montehorizonte.com\/PT\/wp-json\/wp\/v2\/users\/1"}],"replies":[{"embeddable":true,"href":"https:\/\/montehorizonte.com\/PT\/wp-json\/wp\/v2\/comments?post=348"}],"version-history":[{"count":4,"href":"https:\/\/montehorizonte.com\/PT\/wp-json\/wp\/v2\/posts\/348\/revisions"}],"predecessor-version":[{"id":4012,"href":"https:\/\/montehorizonte.com\/PT\/wp-json\/wp\/v2\/posts\/348\/revisions\/4012"}],"wp:attachment":[{"href":"https:\/\/montehorizonte.com\/PT\/wp-json\/wp\/v2\/media?parent=348"}],"wp:term":[{"taxonomy":"category","embeddable":true,"href":"https:\/\/montehorizonte.com\/PT\/wp-json\/wp\/v2\/categories?post=348"},{"taxonomy":"post_tag","embeddable":true,"href":"https:\/\/montehorizonte.com\/PT\/wp-json\/wp\/v2\/tags?post=348"}],"curies":[{"name":"wp","href":"https:\/\/api.w.org\/{rel}","templated":true}]}}